{"id":2100,"date":"2025-10-08T15:20:32","date_gmt":"2025-10-08T12:20:32","guid":{"rendered":"https:\/\/italwaxfrance.fr\/particulier\/?p=2100"},"modified":"2025-10-10T14:48:48","modified_gmt":"2025-10-10T11:48:48","slug":"soin-de-la-peau-entre-epilations","status":"publish","type":"post","link":"https:\/\/italwaxfrance.fr\/particulier\/soin-de-la-peau-entre-epilations\/","title":{"rendered":"Soin de la peau entre deux \u00e9pilations"},"content":{"rendered":"\t\t<div data-elementor-type=\"wp-post\" data-elementor-id=\"2100\" class=\"elementor elementor-2100\">\n\t\t\t\t\t\t<section class=\"elementor-section elementor-top-section elementor-element elementor-element-201049d elementor-section-boxed elementor-section-height-default elementor-section-height-default\" data-id=\"201049d\" data-element_type=\"section\" data-e-type=\"section\">\n\t\t\t\t\t\t<div class=\"elementor-container elementor-column-gap-default\">\n\t\t\t\t\t<div class=\"elementor-column elementor-col-100 elementor-top-column elementor-element elementor-element-839bd6f\" data-id=\"839bd6f\" data-element_type=\"column\" data-e-type=\"column\">\n\t\t\t<div class=\"elementor-widget-wrap elementor-element-populated\">\n\t\t\t\t\t\t<div class=\"elementor-element elementor-element-fff54bc elementor-widget elementor-widget-text-editor\" data-id=\"fff54bc\" data-element_type=\"widget\" data-e-type=\"widget\" data-widget_type=\"text-editor.default\">\n\t\t\t\t<div class=\"elementor-widget-container\">\n\t\t\t\t\t\t\t\t\tUne \u00e9pilation r\u00e9ussie ne s\u2019arr\u00eate pas au moment o\u00f9 les poils disparaissent. Pour prolonger la douceur de votre peau et \u00e9viter les d\u00e9sagr\u00e9ments comme les poils incarn\u00e9s, il est essentiel d\u2019adopter une routine de soins de peau r\u00e9guli\u00e8re entre deux s\u00e9ances d&rsquo;\u00e9pilation. Voici nos conseils et les produits incontournables \u00e0 int\u00e9grer dans votre rituel beaut\u00e9.\n<h2>Pourquoi prendre soin de sa peau entre les \u00e9pilations ?<\/h2>\n<ul>\n \t<li>\u00c9viter les poils incarn\u00e9s : une peau mal exfoli\u00e9e retient les poils sous la surface.<\/li>\n \t<li>Prolonger la douceur : une hydratation quotidienne maintient la peau souple et lisse.<\/li>\n \t<li>Pr\u00e9parer la prochaine \u00e9pilation : une peau saine et bien entretenue rend l\u2019arrachage du poil plus efficace et moins douloureux.<\/li>\n<\/ul>\n<h2>Le r\u00f4le des gommages<\/h2>\nUn gommage r\u00e9gulier (2 \u00e0 3 fois par semaine) permet d\u2019\u00e9liminer les cellules mortes et de lib\u00e9rer les poils sous-cutan\u00e9s.\n\n<strong>Exemple produit :<\/strong> Les <a href=\"https:\/\/italwaxfrance.fr\/particulier\/product-category\/cosmetiques-naturels-soins-de-la-peau-miraveda-gommages-lotions\/\"><em><strong>gommages Miraveda<\/strong><\/em><\/a> allient efficacit\u00e9 et douceur gr\u00e2ce \u00e0 leurs textures onctueuses et leurs ingr\u00e9dients naturels. Ils nettoient la peau en profondeur sans l\u2019agresser, laissant une sensation de fra\u00eecheur et de confort.\n\n<strong>Soin cibl\u00e9 :<\/strong> La <em><strong><a href=\"https:\/\/italwaxfrance.fr\/particulier\/product\/pate-active-poils-incarnes-sous-peaux\/\">p\u00e2te Ingrown Hair Italwax<\/a> <\/strong><\/em>est sp\u00e9cialement formul\u00e9e pour exfolier localement les zones sujettes aux poils incarn\u00e9s (maillot, jambes, aisselles). Son action m\u00e9canique douce aide \u00e0 lib\u00e9rer les poils coinc\u00e9s et \u00e0 pr\u00e9venir leur apparition.\n<h2>L\u2019importance des lotions hydratantes<\/h2>\nApr\u00e8s le gommage et au quotidien, l\u2019hydratation est essentielle. Une peau bien nourrie reste souple, lumineuse et r\u00e9active positivement \u00e0 l\u2019\u00e9pilation suivante.\n\n<strong>Exemple produit :<\/strong> Les <a href=\"https:\/\/italwaxfrance.fr\/particulier\/product-category\/cosmetiques-naturels-soins-de-la-peau-miraveda-gommages-lotions\/\"><em><strong>lotions Miraveda<\/strong><\/em><\/a> associent des ingr\u00e9dients apaisants et nourrissants pour hydrater en profondeur, tout en laissant la peau douce et parfum\u00e9e. Elles sont id\u00e9ales apr\u00e8s la douche ou le bain.\n\n<strong>Soin sp\u00e9cifique :<\/strong> La <a href=\"https:\/\/italwaxfrance.fr\/particulier\/product\/lotion-concentree-poils-sous-peau-traitement\/\"><em><strong>lotion anti-poils incarn\u00e9s Italwax<\/strong><\/em><\/a> contient des actifs exfoliants et apaisants qui pr\u00e9viennent l\u2019apparition des poils sous-cutan\u00e9s. Elle s\u2019applique directement sur les zones \u00e0 risque et compl\u00e8te parfaitement la p\u00e2te exfoliante.\n<h2>Routine id\u00e9ale entre deux \u00e9pilations<\/h2>\n<ol>\n \t<li>Exfolier la peau 2 \u00e0 3 fois par semaine avec un gommage doux.<\/li>\n \t<li>Appliquer la p\u00e2te Ingrown Hair sur les zones \u00e0 poils incarn\u00e9s si n\u00e9cessaire.<\/li>\n \t<li>Hydrater chaque jour avec une lotion hydratante.<\/li>\n<\/ol>\n<h2>En r\u00e9sum\u00e9<\/h2>\nEntretenir sa peau entre deux \u00e9pilations est la cl\u00e9 pour une peau douce, nette et sans imperfections. Avec des gommages r\u00e9guliers et des lotions adapt\u00e9es comme ceux de la gamme Miraveda, associ\u00e9s aux soins cibl\u00e9s anti-poils incarn\u00e9s d\u2019Italwax, vous assurez une routine compl\u00e8te et efficace.\n\nD\u00e9couvrez notre s\u00e9lection de soins exfoliants et hydratants pour transformer votre \u00e9pilation en v\u00e9ritable rituel beaut\u00e9.\n<h2>FAQ \u2013 Poils incarn\u00e9s &amp; entretien de la peau<\/h2>\n<details><summary>Qu\u2019est-ce qu\u2019un poil incarn\u00e9 ?<\/summary>Un poil incarn\u00e9 se forme lorsque le poil pousse sous la surface de la peau au lieu de sortir naturellement. Cela provoque souvent une inflammation, une petite boule ou une irritation sur la peau.\n\n<\/details><details><summary>Pourquoi les poils incarn\u00e9s apparaissent-ils ?<\/summary>Ils apparaissent souvent apr\u00e8s une \u00e9pilation ou un rasage, lorsque les poils sont coup\u00e9s ou arrach\u00e9s mais repoussent sous la peau. Une peau s\u00e8che ou mal exfoli\u00e9e favorise ce ph\u00e9nom\u00e8ne.\n\n<\/details><details><summary>Comment \u00e9viter les poils incarn\u00e9s entre deux \u00e9pilations ?<\/summary>\n<ul>\n \t<li>Exfolier r\u00e9guli\u00e8rement (2 \u00e0 3 fois par semaine) avec un gommage doux comme Miraveda.<\/li>\n \t<li>Hydrater quotidiennement la peau pour maintenir sa souplesse.<\/li>\n \t<li>Utiliser un soin anti-poils incarn\u00e9s comme la lotion Italwax ou la p\u00e2te Ingrown Hair pour pr\u00e9venir leur apparition.<\/li>\n<\/ul>\n<\/details><details><summary>Quand appliquer la lotion anti-poils incarn\u00e9s ?<\/summary>Id\u00e9alement apr\u00e8s la douche, sur une peau propre et s\u00e8che, surtout sur les zones sujettes aux poils incarn\u00e9s comme le maillot, les jambes ou les aisselles.\n\n<\/details><details><summary>La p\u00e2te Ingrown Hair est-elle adapt\u00e9e \u00e0 tous types de peau ?<\/summary>Oui. Elle est formul\u00e9e pour \u00eatre douce et efficace m\u00eame sur les peaux sensibles. Elle aide \u00e0 exfolier localement et pr\u00e9venir l\u2019apparition de poils incarn\u00e9s.\n\n<\/details><details><summary>\u00c0 quelle fr\u00e9quence exfolier la peau ?<\/summary>2 \u00e0 3 fois par semaine est id\u00e9al pour maintenir une peau lisse et pr\u00e9venir les poils incarn\u00e9s, tout en \u00e9vitant de l\u2019agresser.\n\n<\/details><details><summary>Est-ce que l\u2019hydratation peut prolonger les effets d\u2019une \u00e9pilation ?<\/summary>Oui. Une peau bien hydrat\u00e9e reste souple, douce et plus r\u00e9ceptive aux futures \u00e9pilations. Cela r\u00e9duit \u00e9galement le risque d\u2019irritations et prolonge la dur\u00e9e de l\u2019effet \u201cpeau nette\u201d.\n\n<\/details>\t\t\t\t\t\t\t\t<\/div>\n\t\t\t\t<\/div>\n\t\t\t\t<div class=\"elementor-element elementor-element-357e3cf elementor-widget elementor-widget-html\" data-id=\"357e3cf\" data-element_type=\"widget\" data-e-type=\"widget\" data-widget_type=\"html.default\">\n\t\t\t\t<div class=\"elementor-widget-container\">\n\t\t\t\t\t<script type=\"application\/ld+json\">\r\n{\r\n  \"@context\": \"https:\/\/schema.org\",\r\n  \"@type\": \"FAQPage\",\r\n  \"mainEntity\": [\r\n    {\r\n      \"@type\": \"Question\",\r\n      \"name\": \"Qu\u2019est-ce qu\u2019un poil incarn\u00e9 ?\",\r\n      \"acceptedAnswer\": {\r\n        \"@type\": \"Answer\",\r\n        \"text\": \"Un poil incarn\u00e9 se forme lorsque le poil pousse sous la surface de la peau au lieu de sortir naturellement. Cela provoque souvent une inflammation, une petite boule ou une irritation sur la peau.\"\r\n      }\r\n    },\r\n    {\r\n      \"@type\": \"Question\",\r\n      \"name\": \"Pourquoi les poils incarn\u00e9s apparaissent-ils ?\",\r\n      \"acceptedAnswer\": {\r\n        \"@type\": \"Answer\",\r\n        \"text\": \"Ils apparaissent souvent apr\u00e8s une \u00e9pilation ou un rasage, lorsque les poils sont coup\u00e9s ou arrach\u00e9s mais repoussent sous la peau. Une peau s\u00e8che ou mal exfoli\u00e9e favorise ce ph\u00e9nom\u00e8ne.\"\r\n      }\r\n    },\r\n    {\r\n      \"@type\": \"Question\",\r\n      \"name\": \"Comment \u00e9viter les poils incarn\u00e9s entre deux \u00e9pilations ?\",\r\n      \"acceptedAnswer\": {\r\n        \"@type\": \"Answer\",\r\n        \"text\": \"Exfolier r\u00e9guli\u00e8rement (2 \u00e0 3 fois par semaine) avec un gommage doux comme Miraveda. Hydrater quotidiennement la peau pour maintenir sa souplesse. Utiliser un soin anti-poils incarn\u00e9s comme la lotion Italwax ou la p\u00e2te Ingrown Hair pour pr\u00e9venir leur apparition.\"\r\n      }\r\n    },\r\n    {\r\n      \"@type\": \"Question\",\r\n      \"name\": \"Quand appliquer la lotion anti-poils incarn\u00e9s ?\",\r\n      \"acceptedAnswer\": {\r\n        \"@type\": \"Answer\",\r\n        \"text\": \"Id\u00e9alement apr\u00e8s la douche, sur une peau propre et s\u00e8che, surtout sur les zones sujettes aux poils incarn\u00e9s comme le maillot, les jambes ou les aisselles.\"\r\n      }\r\n    },\r\n    {\r\n      \"@type\": \"Question\",\r\n      \"name\": \"La p\u00e2te Ingrown Hair est-elle adapt\u00e9e \u00e0 tous types de peau ?\",\r\n      \"acceptedAnswer\": {\r\n        \"@type\": \"Answer\",\r\n        \"text\": \"Oui. Elle est formul\u00e9e pour \u00eatre douce et efficace m\u00eame sur les peaux sensibles. Elle aide \u00e0 exfolier localement et pr\u00e9venir l\u2019apparition de poils incarn\u00e9s.\"\r\n      }\r\n    },\r\n    {\r\n      \"@type\": \"Question\",\r\n      \"name\": \"\u00c0 quelle fr\u00e9quence exfolier la peau ?\",\r\n      \"acceptedAnswer\": {\r\n        \"@type\": \"Answer\",\r\n        \"text\": \"2 \u00e0 3 fois par semaine est id\u00e9al pour maintenir une peau lisse et pr\u00e9venir les poils incarn\u00e9s, tout en \u00e9vitant de l\u2019agresser.\"\r\n      }\r\n    },\r\n    {\r\n      \"@type\": \"Question\",\r\n      \"name\": \"Est-ce que l\u2019hydratation peut prolonger les effets d\u2019une \u00e9pilation ?\",\r\n      \"acceptedAnswer\": {\r\n        \"@type\": \"Answer\",\r\n        \"text\": \"Oui. Une peau bien hydrat\u00e9e reste souple, douce et plus r\u00e9ceptive aux futures \u00e9pilations. Cela r\u00e9duit \u00e9galement le risque d\u2019irritations et prolonge la dur\u00e9e de l\u2019effet peau nette.\"\r\n      }\r\n    }\r\n  ]\r\n}\r\n<\/script>\r\n\t\t\t\t<\/div>\n\t\t\t\t<\/div>\n\t\t\t\t\t<\/div>\n\t\t<\/div>\n\t\t\t\t\t<\/div>\n\t\t<\/section>\n\t\t\t\t<\/div>\n\t\t","protected":false},"excerpt":{"rendered":"<p>Une \u00e9pilation r\u00e9ussie ne s\u2019arr\u00eate pas au moment o\u00f9 les poils disparaissent. Pour prolonger la douceur de votre peau et \u00e9viter les d\u00e9sagr\u00e9ments comme les poils incarn\u00e9s, il est essentiel d\u2019adopter une routine de soins de peau r\u00e9guli\u00e8re entre deux s\u00e9ances d&rsquo;\u00e9pilation. Voici nos conseils et les produits incontournables \u00e0 int\u00e9grer dans votre rituel beaut\u00e9&#8230;. <a href=\"https:\/\/italwaxfrance.fr\/particulier\/soin-de-la-peau-entre-epilations\/\">Read More<\/a><\/p>\n","protected":false},"author":1,"featured_media":2135,"comment_status":"open","ping_status":"open","sticky":false,"template":"","format":"standard","meta":{"footnotes":""},"categories":[1],"tags":[],"class_list":["post-2100","post","type-post","status-publish","format-standard","has-post-thumbnail","hentry","category-blog"],"yoast_head":"<!-- This site is optimized with the Yoast SEO Premium plugin v27.2 (Yoast SEO v27.5) - https:\/\/yoast.com\/product\/yoast-seo-premium-wordpress\/ -->\n<title>Soin de la peau entre deux \u00e9pilations - Italwax France Particulier<\/title>\n<meta name=\"description\" content=\"D\u00e9couvrez la routine id\u00e9ale entre deux \u00e9pilations : gommages, lotions hydratantes et soins anti-poils incarn\u00e9s pour une peau douce et lisse.\" \/>\n<meta name=\"robots\" content=\"index, follow, max-snippet:-1, max-image-preview:large, max-video-preview:-1\" \/>\n<link rel=\"canonical\" href=\"https:\/\/italwaxfrance.fr\/particulier\/soin-de-la-peau-entre-epilations\/\" \/>\n<meta property=\"og:locale\" content=\"fr_FR\" \/>\n<meta property=\"og:type\" content=\"article\" \/>\n<meta property=\"og:title\" content=\"Soin de la peau entre deux \u00e9pilations\" \/>\n<meta property=\"og:description\" content=\"D\u00e9couvrez la routine id\u00e9ale entre deux \u00e9pilations : gommages, lotions hydratantes et soins anti-poils incarn\u00e9s pour une peau douce et lisse.\" \/>\n<meta property=\"og:url\" content=\"https:\/\/italwaxfrance.fr\/particulier\/soin-de-la-peau-entre-epilations\/\" \/>\n<meta property=\"og:site_name\" content=\"Italwax France Particulier\" \/>\n<meta property=\"article:published_time\" content=\"2025-10-08T12:20:32+00:00\" \/>\n<meta property=\"article:modified_time\" content=\"2025-10-10T11:48:48+00:00\" \/>\n<meta property=\"og:image\" content=\"http:\/\/italwaxfrance.fr\/particulier\/wp-content\/uploads\/sites\/12\/2025\/10\/1-scaled.webp\" \/>\n\t<meta property=\"og:image:width\" content=\"2560\" \/>\n\t<meta property=\"og:image:height\" content=\"823\" \/>\n\t<meta property=\"og:image:type\" content=\"image\/webp\" \/>\n<meta name=\"author\" content=\"Webmaster\" \/>\n<meta name=\"twitter:card\" content=\"summary_large_image\" \/>\n<meta name=\"twitter:label1\" content=\"\u00c9crit par\" \/>\n\t<meta name=\"twitter:data1\" content=\"Webmaster\" \/>\n\t<meta name=\"twitter:label2\" content=\"Dur\u00e9e de lecture estim\u00e9e\" \/>\n\t<meta name=\"twitter:data2\" content=\"4 minutes\" \/>\n<script type=\"application\/ld+json\" class=\"yoast-schema-graph\">{\"@context\":\"https:\\\/\\\/schema.org\",\"@graph\":[{\"@type\":\"Article\",\"@id\":\"https:\\\/\\\/italwaxfrance.fr\\\/particulier\\\/soin-de-la-peau-entre-epilations\\\/#article\",\"isPartOf\":{\"@id\":\"https:\\\/\\\/italwaxfrance.fr\\\/particulier\\\/soin-de-la-peau-entre-epilations\\\/\"},\"author\":{\"name\":\"Webmaster\",\"@id\":\"https:\\\/\\\/italwaxfrance.fr\\\/particulier\\\/#\\\/schema\\\/person\\\/c8d6262bd66e11e56de409ffe7640fb1\"},\"headline\":\"Soin de la peau entre deux \u00e9pilations\",\"datePublished\":\"2025-10-08T12:20:32+00:00\",\"dateModified\":\"2025-10-10T11:48:48+00:00\",\"mainEntityOfPage\":{\"@id\":\"https:\\\/\\\/italwaxfrance.fr\\\/particulier\\\/soin-de-la-peau-entre-epilations\\\/\"},\"wordCount\":751,\"commentCount\":0,\"publisher\":{\"@id\":\"https:\\\/\\\/italwaxfrance.fr\\\/particulier\\\/#organization\"},\"image\":{\"@id\":\"https:\\\/\\\/italwaxfrance.fr\\\/particulier\\\/soin-de-la-peau-entre-epilations\\\/#primaryimage\"},\"thumbnailUrl\":\"https:\\\/\\\/italwaxfrance.fr\\\/particulier\\\/wp-content\\\/uploads\\\/sites\\\/12\\\/2025\\\/10\\\/1-scaled.webp\",\"articleSection\":[\"Blog\"],\"inLanguage\":\"fr-FR\",\"potentialAction\":[{\"@type\":\"CommentAction\",\"name\":\"Comment\",\"target\":[\"https:\\\/\\\/italwaxfrance.fr\\\/particulier\\\/soin-de-la-peau-entre-epilations\\\/#respond\"]}]},{\"@type\":\"WebPage\",\"@id\":\"https:\\\/\\\/italwaxfrance.fr\\\/particulier\\\/soin-de-la-peau-entre-epilations\\\/\",\"url\":\"https:\\\/\\\/italwaxfrance.fr\\\/particulier\\\/soin-de-la-peau-entre-epilations\\\/\",\"name\":\"Soin de la peau entre deux \u00e9pilations - Italwax France Particulier\",\"isPartOf\":{\"@id\":\"https:\\\/\\\/italwaxfrance.fr\\\/particulier\\\/#website\"},\"primaryImageOfPage\":{\"@id\":\"https:\\\/\\\/italwaxfrance.fr\\\/particulier\\\/soin-de-la-peau-entre-epilations\\\/#primaryimage\"},\"image\":{\"@id\":\"https:\\\/\\\/italwaxfrance.fr\\\/particulier\\\/soin-de-la-peau-entre-epilations\\\/#primaryimage\"},\"thumbnailUrl\":\"https:\\\/\\\/italwaxfrance.fr\\\/particulier\\\/wp-content\\\/uploads\\\/sites\\\/12\\\/2025\\\/10\\\/1-scaled.webp\",\"datePublished\":\"2025-10-08T12:20:32+00:00\",\"dateModified\":\"2025-10-10T11:48:48+00:00\",\"description\":\"D\u00e9couvrez la routine id\u00e9ale entre deux \u00e9pilations : gommages, lotions hydratantes et soins anti-poils incarn\u00e9s pour une peau douce et lisse.\",\"breadcrumb\":{\"@id\":\"https:\\\/\\\/italwaxfrance.fr\\\/particulier\\\/soin-de-la-peau-entre-epilations\\\/#breadcrumb\"},\"inLanguage\":\"fr-FR\",\"potentialAction\":[{\"@type\":\"ReadAction\",\"target\":[\"https:\\\/\\\/italwaxfrance.fr\\\/particulier\\\/soin-de-la-peau-entre-epilations\\\/\"]}]},{\"@type\":\"ImageObject\",\"inLanguage\":\"fr-FR\",\"@id\":\"https:\\\/\\\/italwaxfrance.fr\\\/particulier\\\/soin-de-la-peau-entre-epilations\\\/#primaryimage\",\"url\":\"https:\\\/\\\/italwaxfrance.fr\\\/particulier\\\/wp-content\\\/uploads\\\/sites\\\/12\\\/2025\\\/10\\\/1-scaled.webp\",\"contentUrl\":\"https:\\\/\\\/italwaxfrance.fr\\\/particulier\\\/wp-content\\\/uploads\\\/sites\\\/12\\\/2025\\\/10\\\/1-scaled.webp\",\"width\":2560,\"height\":823},{\"@type\":\"BreadcrumbList\",\"@id\":\"https:\\\/\\\/italwaxfrance.fr\\\/particulier\\\/soin-de-la-peau-entre-epilations\\\/#breadcrumb\",\"itemListElement\":[{\"@type\":\"ListItem\",\"position\":1,\"name\":\"Accueil\",\"item\":\"https:\\\/\\\/italwaxfrance.fr\\\/particulier\\\/\"},{\"@type\":\"ListItem\",\"position\":2,\"name\":\"Soin de la peau entre deux \u00e9pilations\"}]},{\"@type\":\"WebSite\",\"@id\":\"https:\\\/\\\/italwaxfrance.fr\\\/particulier\\\/#website\",\"url\":\"https:\\\/\\\/italwaxfrance.fr\\\/particulier\\\/\",\"name\":\"Italwax France Particulier\",\"description\":\"Cosm\u00e9tiques professionnels\",\"publisher\":{\"@id\":\"https:\\\/\\\/italwaxfrance.fr\\\/particulier\\\/#organization\"},\"potentialAction\":[{\"@type\":\"SearchAction\",\"target\":{\"@type\":\"EntryPoint\",\"urlTemplate\":\"https:\\\/\\\/italwaxfrance.fr\\\/particulier\\\/?s={search_term_string}\"},\"query-input\":{\"@type\":\"PropertyValueSpecification\",\"valueRequired\":true,\"valueName\":\"search_term_string\"}}],\"inLanguage\":\"fr-FR\"},{\"@type\":\"Organization\",\"@id\":\"https:\\\/\\\/italwaxfrance.fr\\\/particulier\\\/#organization\",\"name\":\"Italwax France\",\"url\":\"https:\\\/\\\/italwaxfrance.fr\\\/particulier\\\/\",\"logo\":{\"@type\":\"ImageObject\",\"inLanguage\":\"fr-FR\",\"@id\":\"https:\\\/\\\/italwaxfrance.fr\\\/particulier\\\/#\\\/schema\\\/logo\\\/image\\\/\",\"url\":\"https:\\\/\\\/italwaxfrance.fr\\\/particulier\\\/wp-content\\\/uploads\\\/sites\\\/12\\\/2022\\\/04\\\/logo.png\",\"contentUrl\":\"https:\\\/\\\/italwaxfrance.fr\\\/particulier\\\/wp-content\\\/uploads\\\/sites\\\/12\\\/2022\\\/04\\\/logo.png\",\"width\":334,\"height\":158,\"caption\":\"Italwax France\"},\"image\":{\"@id\":\"https:\\\/\\\/italwaxfrance.fr\\\/particulier\\\/#\\\/schema\\\/logo\\\/image\\\/\"},\"sameAs\":[\"https:\\\/\\\/www.instagram.com\\\/italwaxfrance\\\/\",\"https:\\\/\\\/www.youtube.com\\\/@ItalwaxMedia\"]},{\"@type\":\"Person\",\"@id\":\"https:\\\/\\\/italwaxfrance.fr\\\/particulier\\\/#\\\/schema\\\/person\\\/c8d6262bd66e11e56de409ffe7640fb1\",\"name\":\"Webmaster\",\"image\":{\"@type\":\"ImageObject\",\"inLanguage\":\"fr-FR\",\"@id\":\"https:\\\/\\\/secure.gravatar.com\\\/avatar\\\/66483d29de6a8906bb74dcb0e13433e60f40bac9a15089b3e5654d55b07036e6?s=96&d=mm&r=g\",\"url\":\"https:\\\/\\\/secure.gravatar.com\\\/avatar\\\/66483d29de6a8906bb74dcb0e13433e60f40bac9a15089b3e5654d55b07036e6?s=96&d=mm&r=g\",\"contentUrl\":\"https:\\\/\\\/secure.gravatar.com\\\/avatar\\\/66483d29de6a8906bb74dcb0e13433e60f40bac9a15089b3e5654d55b07036e6?s=96&d=mm&r=g\",\"caption\":\"Webmaster\"},\"sameAs\":[\"https:\\\/\\\/www.italwaxfrance.fr\"],\"url\":\"https:\\\/\\\/italwaxfrance.fr\\\/particulier\\\/author\\\/webmaster\\\/\"}]}<\/script>\n<!-- \/ Yoast SEO Premium plugin. -->","yoast_head_json":{"title":"Soin de la peau entre deux \u00e9pilations - Italwax France Particulier","description":"D\u00e9couvrez la routine id\u00e9ale entre deux \u00e9pilations : gommages, lotions hydratantes et soins anti-poils incarn\u00e9s pour une peau douce et lisse.","robots":{"index":"index","follow":"follow","max-snippet":"max-snippet:-1","max-image-preview":"max-image-preview:large","max-video-preview":"max-video-preview:-1"},"canonical":"https:\/\/italwaxfrance.fr\/particulier\/soin-de-la-peau-entre-epilations\/","og_locale":"fr_FR","og_type":"article","og_title":"Soin de la peau entre deux \u00e9pilations","og_description":"D\u00e9couvrez la routine id\u00e9ale entre deux \u00e9pilations : gommages, lotions hydratantes et soins anti-poils incarn\u00e9s pour une peau douce et lisse.","og_url":"https:\/\/italwaxfrance.fr\/particulier\/soin-de-la-peau-entre-epilations\/","og_site_name":"Italwax France Particulier","article_published_time":"2025-10-08T12:20:32+00:00","article_modified_time":"2025-10-10T11:48:48+00:00","og_image":[{"width":2560,"height":823,"url":"http:\/\/italwaxfrance.fr\/particulier\/wp-content\/uploads\/sites\/12\/2025\/10\/1-scaled.webp","type":"image\/webp"}],"author":"Webmaster","twitter_card":"summary_large_image","twitter_misc":{"\u00c9crit par":"Webmaster","Dur\u00e9e de lecture estim\u00e9e":"4 minutes"},"schema":{"@context":"https:\/\/schema.org","@graph":[{"@type":"Article","@id":"https:\/\/italwaxfrance.fr\/particulier\/soin-de-la-peau-entre-epilations\/#article","isPartOf":{"@id":"https:\/\/italwaxfrance.fr\/particulier\/soin-de-la-peau-entre-epilations\/"},"author":{"name":"Webmaster","@id":"https:\/\/italwaxfrance.fr\/particulier\/#\/schema\/person\/c8d6262bd66e11e56de409ffe7640fb1"},"headline":"Soin de la peau entre deux \u00e9pilations","datePublished":"2025-10-08T12:20:32+00:00","dateModified":"2025-10-10T11:48:48+00:00","mainEntityOfPage":{"@id":"https:\/\/italwaxfrance.fr\/particulier\/soin-de-la-peau-entre-epilations\/"},"wordCount":751,"commentCount":0,"publisher":{"@id":"https:\/\/italwaxfrance.fr\/particulier\/#organization"},"image":{"@id":"https:\/\/italwaxfrance.fr\/particulier\/soin-de-la-peau-entre-epilations\/#primaryimage"},"thumbnailUrl":"https:\/\/italwaxfrance.fr\/particulier\/wp-content\/uploads\/sites\/12\/2025\/10\/1-scaled.webp","articleSection":["Blog"],"inLanguage":"fr-FR","potentialAction":[{"@type":"CommentAction","name":"Comment","target":["https:\/\/italwaxfrance.fr\/particulier\/soin-de-la-peau-entre-epilations\/#respond"]}]},{"@type":"WebPage","@id":"https:\/\/italwaxfrance.fr\/particulier\/soin-de-la-peau-entre-epilations\/","url":"https:\/\/italwaxfrance.fr\/particulier\/soin-de-la-peau-entre-epilations\/","name":"Soin de la peau entre deux \u00e9pilations - Italwax France Particulier","isPartOf":{"@id":"https:\/\/italwaxfrance.fr\/particulier\/#website"},"primaryImageOfPage":{"@id":"https:\/\/italwaxfrance.fr\/particulier\/soin-de-la-peau-entre-epilations\/#primaryimage"},"image":{"@id":"https:\/\/italwaxfrance.fr\/particulier\/soin-de-la-peau-entre-epilations\/#primaryimage"},"thumbnailUrl":"https:\/\/italwaxfrance.fr\/particulier\/wp-content\/uploads\/sites\/12\/2025\/10\/1-scaled.webp","datePublished":"2025-10-08T12:20:32+00:00","dateModified":"2025-10-10T11:48:48+00:00","description":"D\u00e9couvrez la routine id\u00e9ale entre deux \u00e9pilations : gommages, lotions hydratantes et soins anti-poils incarn\u00e9s pour une peau douce et lisse.","breadcrumb":{"@id":"https:\/\/italwaxfrance.fr\/particulier\/soin-de-la-peau-entre-epilations\/#breadcrumb"},"inLanguage":"fr-FR","potentialAction":[{"@type":"ReadAction","target":["https:\/\/italwaxfrance.fr\/particulier\/soin-de-la-peau-entre-epilations\/"]}]},{"@type":"ImageObject","inLanguage":"fr-FR","@id":"https:\/\/italwaxfrance.fr\/particulier\/soin-de-la-peau-entre-epilations\/#primaryimage","url":"https:\/\/italwaxfrance.fr\/particulier\/wp-content\/uploads\/sites\/12\/2025\/10\/1-scaled.webp","contentUrl":"https:\/\/italwaxfrance.fr\/particulier\/wp-content\/uploads\/sites\/12\/2025\/10\/1-scaled.webp","width":2560,"height":823},{"@type":"BreadcrumbList","@id":"https:\/\/italwaxfrance.fr\/particulier\/soin-de-la-peau-entre-epilations\/#breadcrumb","itemListElement":[{"@type":"ListItem","position":1,"name":"Accueil","item":"https:\/\/italwaxfrance.fr\/particulier\/"},{"@type":"ListItem","position":2,"name":"Soin de la peau entre deux \u00e9pilations"}]},{"@type":"WebSite","@id":"https:\/\/italwaxfrance.fr\/particulier\/#website","url":"https:\/\/italwaxfrance.fr\/particulier\/","name":"Italwax France Particulier","description":"Cosm\u00e9tiques professionnels","publisher":{"@id":"https:\/\/italwaxfrance.fr\/particulier\/#organization"},"potentialAction":[{"@type":"SearchAction","target":{"@type":"EntryPoint","urlTemplate":"https:\/\/italwaxfrance.fr\/particulier\/?s={search_term_string}"},"query-input":{"@type":"PropertyValueSpecification","valueRequired":true,"valueName":"search_term_string"}}],"inLanguage":"fr-FR"},{"@type":"Organization","@id":"https:\/\/italwaxfrance.fr\/particulier\/#organization","name":"Italwax France","url":"https:\/\/italwaxfrance.fr\/particulier\/","logo":{"@type":"ImageObject","inLanguage":"fr-FR","@id":"https:\/\/italwaxfrance.fr\/particulier\/#\/schema\/logo\/image\/","url":"https:\/\/italwaxfrance.fr\/particulier\/wp-content\/uploads\/sites\/12\/2022\/04\/logo.png","contentUrl":"https:\/\/italwaxfrance.fr\/particulier\/wp-content\/uploads\/sites\/12\/2022\/04\/logo.png","width":334,"height":158,"caption":"Italwax France"},"image":{"@id":"https:\/\/italwaxfrance.fr\/particulier\/#\/schema\/logo\/image\/"},"sameAs":["https:\/\/www.instagram.com\/italwaxfrance\/","https:\/\/www.youtube.com\/@ItalwaxMedia"]},{"@type":"Person","@id":"https:\/\/italwaxfrance.fr\/particulier\/#\/schema\/person\/c8d6262bd66e11e56de409ffe7640fb1","name":"Webmaster","image":{"@type":"ImageObject","inLanguage":"fr-FR","@id":"https:\/\/secure.gravatar.com\/avatar\/66483d29de6a8906bb74dcb0e13433e60f40bac9a15089b3e5654d55b07036e6?s=96&d=mm&r=g","url":"https:\/\/secure.gravatar.com\/avatar\/66483d29de6a8906bb74dcb0e13433e60f40bac9a15089b3e5654d55b07036e6?s=96&d=mm&r=g","contentUrl":"https:\/\/secure.gravatar.com\/avatar\/66483d29de6a8906bb74dcb0e13433e60f40bac9a15089b3e5654d55b07036e6?s=96&d=mm&r=g","caption":"Webmaster"},"sameAs":["https:\/\/www.italwaxfrance.fr"],"url":"https:\/\/italwaxfrance.fr\/particulier\/author\/webmaster\/"}]}},"jetpack_featured_media_url":"https:\/\/italwaxfrance.fr\/particulier\/wp-content\/uploads\/sites\/12\/2025\/10\/1-scaled.webp","_links":{"self":[{"href":"https:\/\/italwaxfrance.fr\/particulier\/wp-json\/wp\/v2\/posts\/2100","targetHints":{"allow":["GET"]}}],"collection":[{"href":"https:\/\/italwaxfrance.fr\/particulier\/wp-json\/wp\/v2\/posts"}],"about":[{"href":"https:\/\/italwaxfrance.fr\/particulier\/wp-json\/wp\/v2\/types\/post"}],"author":[{"embeddable":true,"href":"https:\/\/italwaxfrance.fr\/particulier\/wp-json\/wp\/v2\/users\/1"}],"replies":[{"embeddable":true,"href":"https:\/\/italwaxfrance.fr\/particulier\/wp-json\/wp\/v2\/comments?post=2100"}],"version-history":[{"count":14,"href":"https:\/\/italwaxfrance.fr\/particulier\/wp-json\/wp\/v2\/posts\/2100\/revisions"}],"predecessor-version":[{"id":2133,"href":"https:\/\/italwaxfrance.fr\/particulier\/wp-json\/wp\/v2\/posts\/2100\/revisions\/2133"}],"wp:featuredmedia":[{"embeddable":true,"href":"https:\/\/italwaxfrance.fr\/particulier\/wp-json\/wp\/v2\/media\/2135"}],"wp:attachment":[{"href":"https:\/\/italwaxfrance.fr\/particulier\/wp-json\/wp\/v2\/media?parent=2100"}],"wp:term":[{"taxonomy":"category","embeddable":true,"href":"https:\/\/italwaxfrance.fr\/particulier\/wp-json\/wp\/v2\/categories?post=2100"},{"taxonomy":"post_tag","embeddable":true,"href":"https:\/\/italwaxfrance.fr\/particulier\/wp-json\/wp\/v2\/tags?post=2100"}],"curies":[{"name":"wp","href":"https:\/\/api.w.org\/{rel}","templated":true}]}}